{"id":13912,"date":"2015-08-25T12:55:17","date_gmt":"2015-08-25T12:55:17","guid":{"rendered":"http:\/\/dev.sogoodlanguages.com\/english\/cs\/blog\/2015\/08\/25\/rugby-meyer-denies-racism-claims\/"},"modified":"2016-12-13T09:10:09","modified_gmt":"2016-12-13T08:10:09","slug":"meyer-odmita-narceni-z-rasizmu","status":"publish","type":"post","link":"https:\/\/dev.sogoodlanguages.com\/cs\/meyer-odmita-narceni-z-rasizmu\/","title":{"rendered":"Meyer odm\u00edt\u00e1 na\u0159\u010den\u00ed z rasizmu"},"content":{"rendered":"<section class=\"wpb-content-wrapper\"><p>[vc_row][vc_column][vc_tabs][vc_tab title=&#8220;\u00darove\u0148 A&#8220; tab_id=&#8220;1435922981-1-26e6fd-8f40&#8243;][vc_column_text]Heyneke Meyer, the coach of Springboks (South Africa national rugby team) is <span class=\"tooltips\" title=\"\u010delit\"><strong>facing<\/strong><\/span> a big problem. He is being <span class=\"tooltips\" title=\"obvinit\"><strong>accused<\/strong><\/span> that he is racist and that he is giving more chances to white players then black players in national team.<\/p>\n<p>Peter De Villiers, which was the first coach of Springboks wrote a text for internet newspaper, that Meyer dropped Cormal Hendricks and play Jesse Kriel out of position, just make a room for Jean De Villiers after his <span class=\"tooltips\" title=\"zotaven\u00ed\"><strong>recovery<\/strong><\/span> from long injury.<\/p>\n<p><span class=\"tooltips\" title=\"d\u0159\u00edv\u011bj\u0161\u00ed, n\u011bkdej\u0161\u00ed\"><strong>Former<\/strong><\/span> black coach is convinced that this <span class=\"tooltips\" title=\"rozhodnut\u00ed\"><strong>decision<\/strong><\/span> took the national team back to 80s, where black people were <span class=\"tooltips\" title=\"podpora\"><strong>supporting<\/strong><\/span> opposite team, because of apartheid.<\/p>\n<p>Meyer named only four black players for their game against Argentina on Saturday.<\/p>\n<p>Meyer <span class=\"tooltips\" title=\"pop\u0159\u00edt\"><strong>denied<\/strong><\/span> these accusations and said that he do not look at colour of skin and is totally <span class=\"tooltips\" title=\"v\u011brn\u00fd, oddan\u00fd\"><strong>committed<\/strong><\/span> to transformation of team and that he has great relationship with players. Even players do not believe these things that are written in newspapers. The most important thing for Meyer is to keep his <span class=\"tooltips\" title=\"\u010destnost\/poctivost\"><strong>integrity<\/strong><\/span>.<\/p>\n<p>COSATU made a long statement and <span class=\"tooltips\" title=\"zd\u016fraznit, upozornit\"><strong>highlighted<\/strong><\/span> the &#8222;privileged position of white players&#8220; and pointed on example of Jean De Villiers comeback. They think, that anywhere in the world, this player have to play himself back to the team with great <span class=\"tooltips\" title=\"v\u00fdkon, v\u00fdkonnost\"><strong>performance<\/strong><\/span> on the field after long injury. And they added that Jean is not in top form now, but still is on the field.<\/p>\n<p>South Africa is now in Pool B and will play versus Japan, USA, Samoa and Scotland.[\/vc_column_text][vc_column_text]<\/p>\n<h3 class=\"p1\">Slov\u00ed\u010dka<\/h3>\n<p><strong>facing<\/strong> &#8211; \u010delit<br \/>\n<strong>accuse<\/strong> &#8211; obvinit<br \/>\n<strong>recovery<\/strong> &#8211; zotaven\u00ed<br \/>\n<strong>former<\/strong> &#8211; d\u0159\u00edv\u011bj\u0161\u00ed\/n\u011bkdej\u0161\u00ed<br \/>\n<strong>decision<\/strong> &#8211; rozhodnut\u00ed<br \/>\n<strong>support<\/strong> &#8211; podpora<br \/>\n<strong>deny<\/strong> &#8211; pop\u0159\u00edt<br \/>\n<strong>committed<\/strong> &#8211; v\u011brn\u00fd\/oddan\u00fd<br \/>\n<strong>integrity<\/strong> &#8211; \u010destnost\/poctivost<br \/>\n<strong>highlight<\/strong> &#8211; zd\u016fraznit\/upozornit<br \/>\n<strong>performance<\/strong> &#8211; v\u00fdkon\/v\u00fdkonnost[\/vc_column_text][vc_column_text]<\/p>\n<h3><span style=\"color: #808080\">P\u0159eklad<\/span><\/h3>\n<p><span style=\"color: #808080\">Heyneke Meyer, tren\u00e9r Springboks (n\u00e1rodn\u00ed t\u00fdm Ji\u017en\u00ed Afriky) \u010del\u00ed velk\u00e9mu probl\u00e9mu. Je obvi\u0148ov\u00e1n z toho, \u017ee je rasista a, \u017ee poskytuje v\u00edce \u0161anc\u00ed b\u00edl\u00fdm hr\u00e1\u010d\u016fm ne\u017e \u010dern\u00fdm v n\u00e1rodn\u00edm t\u00fdmu.<\/span><\/p>\n<p><span style=\"color: #808080\">Peter De Villiers, co\u017e je prvn\u00ed \u010dern\u00fd tren\u00e9r Springboks napsal \u010dl\u00e1nek pro internetov\u00e9 noviny, \u017ee Meyer vy\u0159adil Cormala Hendrickse a p\u0159elo\u017eil Jesse Kriela na jinou pozici, jen aby ud\u011blal m\u00edsto Jean De Villiersovi po jeho uzdraven\u00ed z dlouh\u00e9ho zran\u011bn\u00ed.<\/span><\/p>\n<p><span style=\"color: #808080\">N\u011bkdej\u0161\u00ed \u010dern\u00fd tren\u00e9r je p\u0159esv\u011bd\u010den\u00fd, \u017ee toto rozhodnut\u00ed vr\u00e1tilo n\u00e1rodn\u00ed t\u00fdm do osmdes\u00e1t\u00fdch let, kdy \u010dern\u00e9 obyvatelstvo podporovalo hostuj\u00edc\u00ed t\u00fdm, kv\u016fli apartheidu. <\/span><\/p>\n<p><span style=\"color: #808080\">Meyer ozn\u00e1mil jenom \u010dty\u0159i \u010dern\u00e9 hr\u00e1\u010de na utk\u00e1n\u00ed proti Argentin\u011b tuto sobotu. <\/span><\/p>\n<p><span style=\"color: #808080\">Meyer odm\u00edt\u00e1 obvin\u011bn\u00ed a \u0159ekl, \u017ee nekouk\u00e1 na bravu pleti a je tot\u00e1ln\u011b oddan\u00fd transformaci t\u00fdmu, a \u017ee m\u00e1 skv\u011bl\u00fd vztah s hr\u00e1\u010di. Ani hr\u00e1\u010di nev\u011b\u0159\u00ed t\u011bmto v\u011bcem, kter\u00e9 se p\u00ed\u0161\u00ed v novin\u00e1ch. Nejd\u016fle\u017eit\u011bj\u0161\u00ed v\u011bc pro Meyerse je jeho poctivost a \u010destnost.<\/span><\/p>\n<p><span style=\"color: #808080\">COSATU vydalo dlouh\u00e9 prohl\u00e1\u0161en\u00ed a zd\u016fraz\u0148uje &#8220; privilegovanou pozici b\u00edl\u00fdch hr\u00e1\u010d\u016f &#8220; a pouk\u00e1zalo na p\u0159\u00edklad n\u00e1vratu Jeana De Villierse. Mysl\u00ed si, \u017ee v\u0161ude jinde na sv\u011bt\u011b by se po dlouh\u00e9m zran\u011bn\u00ed, tento hr\u00e1\u010d musel dostat zp\u011bt do t\u00fdmu svoj\u00ed hrou a v\u00fdkony. Z\u00e1rove\u0148 dod\u00e1vaj\u00ed, \u017ee Jean nen\u00ed v nejlep\u0161\u00ed form\u011b, ale p\u0159esto je zp\u011bt ve h\u0159e za n\u00e1rodn\u00ed t\u00fdm.<\/span><\/p>\n<p><span style=\"color: #808080\">Ji\u017en\u00ed Afrika je te\u010f v ko\u0161i B a bude hr\u00e1t proti Japonsku, USA, Samoe a Skotsku.<\/span>[\/vc_column_text][\/vc_tab][vc_tab title=&#8220;\u00darove\u0148 B&#8220; tab_id=&#8220;1435922981-2-87e6fd-8f40&#8243;][vc_column_text]Heyneke Meyer is the rugby coach of South Africa. He came under strong criticism for being racist, because he is <span class=\"tooltips\" title=\"favouring proposition, opinion etc\"><strong>favouring<\/strong><\/span> white players over black ones.<\/p>\n<p><span class=\"tooltips\" title=\"considered individually\"><strong>Several<\/strong><\/span> players complained to the Congress of South Africa Trade Unions (COSATU). Peter De Villiers, who was first black coach of Springboks (which is the nickname for South Africa national rugby team) back in 2008-2011, wrote <span class=\"tooltips\" title=\"an article giving opinions\"><strong>column<\/strong><\/span> criticising Meyer\u00b4s decision to drop Cornal Hendricks and play Jesse Kriel out of position to accommodate Jean de Villiers on his return from injury.<\/p>\n<p>Peter De Villiers wrote: &#8222;This decision took us back to 80s, where black people supported opposing team, because of apartheid&#8220;.<\/p>\n<p>Meyer <span class=\"tooltips\" title=\"an opposite direction\"><strong>countered<\/strong><\/span>, that it is not true and he has great relationship with his players and lot of them support him and saying it is not true what is in newspapers.<\/p>\n<p>Meyer also added, that all in their team are South Africans and they do the best for the country. They support each other and that the most important thing for Meyer is his <span class=\"tooltips\" title=\"undivided completeness\"><strong>integrity<\/strong><\/span>.<\/p>\n<p>South Africa <span class=\"tooltips\" title=\"undergo or be subject to\"><strong>suffered<\/strong><\/span> four defeats in a row, with only two black players on the field and three more on the bench in last lost game versus Argentina.<\/p>\n<p>COSATU made statement, that &#8222;white players have privileged position&#8220; and pointed at the example of Jean de Villiers comeback. This player was <span class=\"tooltips\" title=\"a line that marks side boundary of a playing field\"><strong>sidelined<\/strong><\/span> after his major injury which happened back in 2014 game against Wales.<\/p>\n<p>COSATU is claiming that any other player after this injury would have to make his way back to the team by playing great. This player is not in top form at this moment, yet this player just walked back into team.<\/p>\n<p>South Africa is in pool B now and will play against Scotland, Samoa, USA and Japan.[\/vc_column_text][vc_column_text]<\/p>\n<h3 class=\"p1\">Definice<\/h3>\n<p><strong>favouring<\/strong> &#8211; favouring proposition, opinion etc<br \/>\n<strong>several<\/strong> &#8211; considered individually<br \/>\n<strong>column<\/strong> &#8211; an article giving opinions<br \/>\n<strong>counter<\/strong> &#8211; an opposite direction<br \/>\n<strong>integrity<\/strong> &#8211; undivided completeness<br \/>\n<strong>suffer<\/strong> &#8211; undergo or be subject to<br \/>\n<strong>sideline<\/strong> &#8211; a line that marks side boundary of a playing field[\/vc_column_text][vc_column_text]<\/p>\n<h3 class=\"p1\">Slov\u00ed\u010dka<\/h3>\n<p><strong>several<\/strong> &#8211; n\u011bkolik<br \/>\n<strong>column<\/strong> &#8211; sloupec\/sloupe\u010dek<br \/>\n<strong>counter<\/strong> &#8211; protiv\u00e1ha\/kontrovat<br \/>\n<strong>integrity<\/strong> &#8211; charakternost\/poctivost<br \/>\n<strong>suffer<\/strong> &#8211; utrp\u011bt\/prod\u011blat n\u011bco nep\u0159\u00edjemn\u00e9ho<br \/>\n<strong>sideline<\/strong> &#8211; postran\u00ed \u010d\u00e1ra\/ be sidelined &#8211; nemoci hr\u00e1t kv\u016fli zran\u011bn\u00ed atd[\/vc_column_text][vc_column_text]<\/p>\n<h3><span style=\"color: #808080\">P\u0159eklad<\/span><\/h3>\n<p><span style=\"color: #808080\">Heyneke Meyer je tren\u00e9r rugby Ji\u017en\u00ed Afriky. Dostal se pod silnou kritiku, \u017ee je rasista, proto\u017ee up\u0159ednost\u0148uje b\u00edl\u00e9 hr\u00e1\u010de p\u0159ed \u010dern\u00fdmi.<\/span><\/p>\n<p><span style=\"color: #808080\">N\u011bkolik hr\u00e1\u010d\u016f si st\u011b\u017eovalo Kongresu Obchodn\u00edch Uni\u00ed Ji\u017en\u00ed Afriky ( COSATU). Peter de Villiers, kter\u00fd byl prvn\u00edm \u010dern\u00fdm tren\u00e9rem Springboks (co\u017e je p\u0159ezd\u00edvka pro n\u00e1rodn\u00ed t\u00fdm rugby Ji\u017en\u00ed Afriky) zp\u011bt v letech 2008-2011, napsal sloupe\u010dek kritizuj\u00edc\u00ed Meyerovo rozhodnut\u00ed o vy\u0159azen\u00ed Cornala Hendrickse a p\u0159em\u00edst\u011bni Jesse Kriela z jeho pozice, aby vyhov\u011bl Jenau de Villiersovi po n\u00e1vratu ze zran\u011bn\u00ed.<\/span><\/p>\n<p><span style=\"color: #808080\">Peter De Villier napsal: &#8220; Toto rozhodnut\u00ed n\u00e1s vr\u00e1tilo do osmdes\u00e1t\u00fdch let, kdy \u010dern\u00ed lid\u00e9 podporovali hostuj\u00edc\u00ed team, kv\u016fli apartheidu&#8220;.<\/span><\/p>\n<p><span style=\"color: #808080\">Meyer kontroval, \u017ee to nen\u00ed pravda a \u017ee m\u00e1 skv\u011bl\u00fd vztah s hr\u00e1\u010di a spousta z nich ho podporuje a \u0159\u00edk\u00e1, \u017ee to nen\u00ed pravda, co se p\u00ed\u0161e v novin\u00e1ch.<br \/>\nMeyer tak\u00e9 dodal, \u017ee v\u0161ichni v jejich t\u00fdmu jsou Jihoafri\u010dan\u00e9 a \u017ee d\u011blaj\u00ed to nejlep\u0161\u00ed pro zemi. Navz\u00e1jem se podporuj\u00ed, a \u017ee pro Meyera je ned\u016fle\u017eit\u011bj\u0161\u00ed jeho vlastn\u00ed \u010destnost a poctivost.<\/span><\/p>\n<p><span style=\"color: #808080\">Ji\u017en\u00ed Afrika utrp\u011bla \u010dty\u0159i por\u00e1\u017eky v \u0159ad\u011b s jenom dv\u011bma \u010dern\u00fdmi hr\u00e1\u010di na h\u0159i\u0161ti a t\u0159emi na lavi\u010dce v posledn\u00ed prohran\u00e9 h\u0159e proti Argentin\u011b.<\/span><\/p>\n<p><span style=\"color: #808080\">COSATU vydalo prohl\u00e1\u0161en\u00ed, \u017ee &#8222;b\u00edl\u00fd hr\u00e1\u010di maj\u00ed privilegovanou pozici&#8220; a uk\u00e1zalo na p\u0159\u00edklad Jeana de Villierse a jeho n\u00e1vratu. Tento hr\u00e1\u010d byl vy\u0159azen po jeho v\u00e1\u017en\u00e9m zran\u011bn\u00ed, kter\u00e9 se stalo v roce 2014 ve h\u0159e proti Walesu.<\/span><\/p>\n<p><span style=\"color: #808080\">COSATU tvrd\u00ed, \u017ee ka\u017ed\u00fd jin\u00fd hr\u00e1\u010d by se musel po tomto zran\u011bn\u00ed vr\u00e1tit do t\u00fdmu d\u00edky tomu, \u017ee hraje skv\u011ble. Tento hr\u00e1\u010d nen\u00ed v tuto chv\u00edli v nejlep\u0161\u00ed form\u011b, ale i tak se dostal zp\u011bt do t\u00fdmu.<\/span><br \/>\n<span style=\"color: #808080\">Ji\u017en\u00ed Afrika je te\u010f v ko\u0161i B a bude hr\u00e1t proti Skotsku, Samoe, USA a Japonsku.<\/span>[\/vc_column_text][\/vc_tab][\/vc_tabs][\/vc_column][\/vc_row][vc_row][vc_column]<div class=\"td_block_wrap td_block_9 td_uid_1_69f3a90d2ae7e_rand td-pb-border-top td_block_template_1 td-column-1 td_block_padding td_block_bot_line\"  data-td-block-uid=\"td_uid_1_69f3a90d2ae7e\" >\n<style>\n.td-theme-wrap .td_uid_1_69f3a90d2ae7e_rand .td-pulldown-filter-link:hover,\r\n            .td-theme-wrap .td_uid_1_69f3a90d2ae7e_rand .td-subcat-item a:hover,\r\n            .td-theme-wrap .td_uid_1_69f3a90d2ae7e_rand .td-subcat-item .td-cur-simple-item {\r\n                color: #000000;\r\n            }\r\n\r\n            .td-theme-wrap .td_uid_1_69f3a90d2ae7e_rand .block-title > *,\r\n            .td-theme-wrap .td_uid_1_69f3a90d2ae7e_rand .td-subcat-dropdown:hover .td-subcat-more {\r\n                background-color: #000000;\r\n            }\r\n            .td-theme-wrap .td-footer-wrapper .td_uid_1_69f3a90d2ae7e_rand .block-title > * {\r\n                padding: 6px 7px 5px;\r\n                line-height: 1;\r\n            }\r\n\r\n            .td-theme-wrap .td_uid_1_69f3a90d2ae7e_rand .block-title {\r\n                border-color: #000000;\r\n            }\r\n\r\n            \r\n            .td-theme-wrap .td_uid_1_69f3a90d2ae7e_rand .td_module_wrap:hover .entry-title a,\r\n            .td-theme-wrap .td_uid_1_69f3a90d2ae7e_rand .td_quote_on_blocks,\r\n            .td-theme-wrap .td_uid_1_69f3a90d2ae7e_rand .td-opacity-cat .td-post-category:hover,\r\n            .td-theme-wrap .td_uid_1_69f3a90d2ae7e_rand .td-opacity-read .td-read-more a:hover,\r\n            .td-theme-wrap .td_uid_1_69f3a90d2ae7e_rand .td-opacity-author .td-post-author-name a:hover,\r\n            .td-theme-wrap .td_uid_1_69f3a90d2ae7e_rand .td-instagram-user a {\r\n                color: #000000;\r\n            }\r\n\r\n            .td-theme-wrap .td_uid_1_69f3a90d2ae7e_rand .td-next-prev-wrap a:hover,\r\n            .td-theme-wrap .td_uid_1_69f3a90d2ae7e_rand .td-load-more-wrap a:hover {\r\n                background-color: #000000;\r\n                border-color: #000000;\r\n            }\r\n\r\n            .td-theme-wrap .td_uid_1_69f3a90d2ae7e_rand .td-read-more a,\r\n            .td-theme-wrap .td_uid_1_69f3a90d2ae7e_rand .td-weather-information:before,\r\n            .td-theme-wrap .td_uid_1_69f3a90d2ae7e_rand .td-weather-week:before,\r\n            .td-theme-wrap .td_uid_1_69f3a90d2ae7e_rand .td-exchange-header:before,\r\n            .td-theme-wrap .td-footer-wrapper .td_uid_1_69f3a90d2ae7e_rand .td-post-category,\r\n            .td-theme-wrap .td_uid_1_69f3a90d2ae7e_rand .td-post-category:hover {\r\n                background-color: #000000;\r\n            }\n<\/style><script>var block_td_uid_1_69f3a90d2ae7e = new tdBlock();\nblock_td_uid_1_69f3a90d2ae7e.id = \"td_uid_1_69f3a90d2ae7e\";\nblock_td_uid_1_69f3a90d2ae7e.atts = '{\"custom_title\":\"Souvisej\\u00edc\\u00ed gramatick\\u00e9 \\u010dl\\u00e1nky\",\"header_color\":\"#000000\",\"tag_slug\":\"blizka-budoucnost,budouci-cas-prosty,frazova-slovesa,minuly-cas-prosty,modalni-slovesa,otazky,podstatna-jmena,predlozky,pridavna-jmena,prislovce,pritomny-cas-prosty,pritomny-cas-prubehovy,slovesa,spojky,vazba-there-is\\\/are,zajmena\",\"installed_post_types\":\"study\",\"limit\":\"6\",\"separator\":\"\",\"custom_url\":\"\",\"block_template_id\":\"\",\"m8_tl\":\"\",\"post_ids\":\"\",\"category_id\":\"\",\"category_ids\":\"\",\"autors_id\":\"\",\"sort\":\"\",\"offset\":\"\",\"el_class\":\"\",\"td_ajax_filter_type\":\"\",\"td_ajax_filter_ids\":\"\",\"td_filter_default_txt\":\"All\",\"td_ajax_preloading\":\"\",\"f_header_font_header\":\"\",\"f_header_font_title\":\"Block header\",\"f_header_font_settings\":\"\",\"f_header_font_family\":\"\",\"f_header_font_size\":\"\",\"f_header_font_line_height\":\"\",\"f_header_font_style\":\"\",\"f_header_font_weight\":\"\",\"f_header_font_transform\":\"\",\"f_header_font_spacing\":\"\",\"f_header_\":\"\",\"f_ajax_font_title\":\"Ajax categories\",\"f_ajax_font_settings\":\"\",\"f_ajax_font_family\":\"\",\"f_ajax_font_size\":\"\",\"f_ajax_font_line_height\":\"\",\"f_ajax_font_style\":\"\",\"f_ajax_font_weight\":\"\",\"f_ajax_font_transform\":\"\",\"f_ajax_font_spacing\":\"\",\"f_ajax_\":\"\",\"f_more_font_title\":\"Load more button\",\"f_more_font_settings\":\"\",\"f_more_font_family\":\"\",\"f_more_font_size\":\"\",\"f_more_font_line_height\":\"\",\"f_more_font_style\":\"\",\"f_more_font_weight\":\"\",\"f_more_font_transform\":\"\",\"f_more_font_spacing\":\"\",\"f_more_\":\"\",\"m8f_title_font_header\":\"\",\"m8f_title_font_title\":\"Article title\",\"m8f_title_font_settings\":\"\",\"m8f_title_font_family\":\"\",\"m8f_title_font_size\":\"\",\"m8f_title_font_line_height\":\"\",\"m8f_title_font_style\":\"\",\"m8f_title_font_weight\":\"\",\"m8f_title_font_transform\":\"\",\"m8f_title_font_spacing\":\"\",\"m8f_title_\":\"\",\"m8f_cat_font_title\":\"Article category tag\",\"m8f_cat_font_settings\":\"\",\"m8f_cat_font_family\":\"\",\"m8f_cat_font_size\":\"\",\"m8f_cat_font_line_height\":\"\",\"m8f_cat_font_style\":\"\",\"m8f_cat_font_weight\":\"\",\"m8f_cat_font_transform\":\"\",\"m8f_cat_font_spacing\":\"\",\"m8f_cat_\":\"\",\"m8f_meta_font_title\":\"Article meta info\",\"m8f_meta_font_settings\":\"\",\"m8f_meta_font_family\":\"\",\"m8f_meta_font_size\":\"\",\"m8f_meta_font_line_height\":\"\",\"m8f_meta_font_style\":\"\",\"m8f_meta_font_weight\":\"\",\"m8f_meta_font_transform\":\"\",\"m8f_meta_font_spacing\":\"\",\"m8f_meta_\":\"\",\"ajax_pagination\":\"\",\"ajax_pagination_infinite_stop\":\"\",\"css\":\"\",\"tdc_css\":\"\",\"td_column_number\":1,\"color_preset\":\"\",\"border_top\":\"\",\"class\":\"td_uid_1_69f3a90d2ae7e_rand\",\"tdc_css_class\":\"td_uid_1_69f3a90d2ae7e_rand\",\"tdc_css_class_style\":\"td_uid_1_69f3a90d2ae7e_rand_style\"}';\nblock_td_uid_1_69f3a90d2ae7e.td_column_number = \"1\";\nblock_td_uid_1_69f3a90d2ae7e.block_type = \"td_block_9\";\nblock_td_uid_1_69f3a90d2ae7e.post_count = \"6\";\nblock_td_uid_1_69f3a90d2ae7e.found_posts = \"32\";\nblock_td_uid_1_69f3a90d2ae7e.header_color = \"#000000\";\nblock_td_uid_1_69f3a90d2ae7e.ajax_pagination_infinite_stop = \"\";\nblock_td_uid_1_69f3a90d2ae7e.max_num_pages = \"6\";\ntdBlocksArray.push(block_td_uid_1_69f3a90d2ae7e);\n<\/script><div class=\"td-block-title-wrap\"><h4 class=\"block-title td-block-title\"><span class=\"td-pulldown-size\">Souvisej\u00edc\u00ed gramatick\u00e9 \u010dl\u00e1nky<\/span><\/h4><\/div><div id=td_uid_1_69f3a90d2ae7e class=\"td_block_inner\">\n\n\t<div class=\"td-block-span12\">\n\r\n        <div class=\"td_module_8 td_module_wrap td_module_no_thumb\">\r\n\r\n            <div class=\"item-details\">\r\n                <h3 class=\"entry-title td-module-title\"><a href=\"https:\/\/dev.sogoodlanguages.com\/cs\/study\/pomocna-slovesa-auxiliary-verbs\/\" rel=\"bookmark\" title=\"Pomocn\u00e1 slovesa (Auxiliary verbs)\">Pomocn\u00e1 slovesa (Auxiliary verbs)<\/a><\/h3>\r\n                <div class=\"td-module-meta-info\">\r\n                                        <span class=\"td-post-author-name\"><a href=\"https:\/\/dev.sogoodlanguages.com\/cs\/author\/vendula\/\">Vendula Ned\u011blov\u00e1<\/a> <span>-<\/span> <\/span>                    <span class=\"td-post-date\"><time class=\"entry-date updated td-module-date\" datetime=\"2021-02-26T15:38:33+00:00\" >\u00dano 26, 2021<\/time><\/span>                    <div class=\"td-module-comments\"><a href=\"https:\/\/dev.sogoodlanguages.com\/cs\/study\/pomocna-slovesa-auxiliary-verbs\/#respond\">0<\/a><\/div>                <\/div>\r\n            <\/div>\r\n\r\n            \r\n        <\/div>\r\n\r\n        \n\t<\/div> <!-- .\/td-block-span12 -->\n\n\t<div class=\"td-block-span12\">\n\r\n        <div class=\"td_module_8 td_module_wrap td_module_no_thumb\">\r\n\r\n            <div class=\"item-details\">\r\n                <h3 class=\"entry-title td-module-title\"><a href=\"https:\/\/dev.sogoodlanguages.com\/cs\/study\/minuly-cas-prosty-past-simple\/\" rel=\"bookmark\" title=\"Minul\u00fd \u010das prost\u00fd (Past simple)\">Minul\u00fd \u010das prost\u00fd (Past simple)<\/a><\/h3>\r\n                <div class=\"td-module-meta-info\">\r\n                                        <span class=\"td-post-author-name\"><a href=\"https:\/\/dev.sogoodlanguages.com\/cs\/author\/so-good-languages\/\">So Good Languages<\/a> <span>-<\/span> <\/span>                    <span class=\"td-post-date\"><time class=\"entry-date updated td-module-date\" datetime=\"2020-09-18T18:26:50+00:00\" >Z\u00e1\u0159 18, 2020<\/time><\/span>                    <div class=\"td-module-comments\"><a href=\"https:\/\/dev.sogoodlanguages.com\/cs\/study\/minuly-cas-prosty-past-simple\/#respond\">0<\/a><\/div>                <\/div>\r\n            <\/div>\r\n\r\n            \r\n        <\/div>\r\n\r\n        \n\t<\/div> <!-- .\/td-block-span12 -->\n\n\t<div class=\"td-block-span12\">\n\r\n        <div class=\"td_module_8 td_module_wrap td_module_no_thumb\">\r\n\r\n            <div class=\"item-details\">\r\n                <h3 class=\"entry-title td-module-title\"><a href=\"https:\/\/dev.sogoodlanguages.com\/cs\/study\/minuly-cas-prubehovy-past-continuous\/\" rel=\"bookmark\" title=\"Minul\u00fd \u010das pr\u016fb\u011bhov\u00fd (Past continuous)\">Minul\u00fd \u010das pr\u016fb\u011bhov\u00fd (Past continuous)<\/a><\/h3>\r\n                <div class=\"td-module-meta-info\">\r\n                                        <span class=\"td-post-author-name\"><a href=\"https:\/\/dev.sogoodlanguages.com\/cs\/author\/vendula\/\">Vendula Ned\u011blov\u00e1<\/a> <span>-<\/span> <\/span>                    <span class=\"td-post-date\"><time class=\"entry-date updated td-module-date\" datetime=\"2020-09-18T18:26:33+00:00\" >Z\u00e1\u0159 18, 2020<\/time><\/span>                    <div class=\"td-module-comments\"><a href=\"https:\/\/dev.sogoodlanguages.com\/cs\/study\/minuly-cas-prubehovy-past-continuous\/#respond\">0<\/a><\/div>                <\/div>\r\n            <\/div>\r\n\r\n            \r\n        <\/div>\r\n\r\n        \n\t<\/div> <!-- .\/td-block-span12 -->\n\n\t<div class=\"td-block-span12\">\n\r\n        <div class=\"td_module_8 td_module_wrap td_module_no_thumb\">\r\n\r\n            <div class=\"item-details\">\r\n                <h3 class=\"entry-title td-module-title\"><a href=\"https:\/\/dev.sogoodlanguages.com\/cs\/study\/anglicka-slovesa\/\" rel=\"bookmark\" title=\"Anglick\u00e1 slovesa\">Anglick\u00e1 slovesa<\/a><\/h3>\r\n                <div class=\"td-module-meta-info\">\r\n                                        <span class=\"td-post-author-name\"><a href=\"https:\/\/dev.sogoodlanguages.com\/cs\/author\/vendula\/\">Vendula Ned\u011blov\u00e1<\/a> <span>-<\/span> <\/span>                    <span class=\"td-post-date\"><time class=\"entry-date updated td-module-date\" datetime=\"2020-03-30T11:14:33+00:00\" >B\u0159e 30, 2020<\/time><\/span>                    <div class=\"td-module-comments\"><a href=\"https:\/\/dev.sogoodlanguages.com\/cs\/study\/anglicka-slovesa\/#respond\">0<\/a><\/div>                <\/div>\r\n            <\/div>\r\n\r\n            \r\n        <\/div>\r\n\r\n        \n\t<\/div> <!-- .\/td-block-span12 -->\n\n\t<div class=\"td-block-span12\">\n\r\n        <div class=\"td_module_8 td_module_wrap td_module_no_thumb\">\r\n\r\n            <div class=\"item-details\">\r\n                <h3 class=\"entry-title td-module-title\"><a href=\"https:\/\/dev.sogoodlanguages.com\/cs\/study\/pritomny-cas-prosty-present-simple\/\" rel=\"bookmark\" title=\"P\u0159\u00edtomn\u00fd \u010das prost\u00fd (Present simple)\">P\u0159\u00edtomn\u00fd \u010das prost\u00fd (Present simple)<\/a><\/h3>\r\n                <div class=\"td-module-meta-info\">\r\n                                        <span class=\"td-post-author-name\"><a href=\"https:\/\/dev.sogoodlanguages.com\/cs\/author\/so-good-languages\/\">So Good Languages<\/a> <span>-<\/span> <\/span>                    <span class=\"td-post-date\"><time class=\"entry-date updated td-module-date\" datetime=\"2019-12-12T12:36:34+00:00\" >Pro 12, 2019<\/time><\/span>                    <div class=\"td-module-comments\"><a href=\"https:\/\/dev.sogoodlanguages.com\/cs\/study\/pritomny-cas-prosty-present-simple\/#respond\">0<\/a><\/div>                <\/div>\r\n            <\/div>\r\n\r\n            \r\n        <\/div>\r\n\r\n        \n\t<\/div> <!-- .\/td-block-span12 -->\n\n\t<div class=\"td-block-span12\">\n\r\n        <div class=\"td_module_8 td_module_wrap td_module_no_thumb\">\r\n\r\n            <div class=\"item-details\">\r\n                <h3 class=\"entry-title td-module-title\"><a href=\"https:\/\/dev.sogoodlanguages.com\/cs\/study\/nepravidelna-slovesa-v-anglictine-v-minulem-case-past-tense-irregular-verbs\/\" rel=\"bookmark\" title=\"Nepravideln\u00e1 slovesa v angli\u010dtin\u011b (Past Tense Irregular Verbs)\">Nepravideln\u00e1 slovesa v angli\u010dtin\u011b (Past Tense Irregular Verbs)<\/a><\/h3>\r\n                <div class=\"td-module-meta-info\">\r\n                                        <span class=\"td-post-author-name\"><a href=\"https:\/\/dev.sogoodlanguages.com\/cs\/author\/so-good-languages\/\">So Good Languages<\/a> <span>-<\/span> <\/span>                    <span class=\"td-post-date\"><time class=\"entry-date updated td-module-date\" datetime=\"2019-11-28T10:23:01+00:00\" >Lis 28, 2019<\/time><\/span>                    <div class=\"td-module-comments\"><a href=\"https:\/\/dev.sogoodlanguages.com\/cs\/study\/nepravidelna-slovesa-v-anglictine-v-minulem-case-past-tense-irregular-verbs\/#respond\">0<\/a><\/div>                <\/div>\r\n            <\/div>\r\n\r\n            \r\n        <\/div>\r\n\r\n        \n\t<\/div> <!-- .\/td-block-span12 --><\/div><\/div> <!-- .\/block -->[\/vc_column][\/vc_row]<\/p>\n<\/section>","protected":false},"excerpt":{"rendered":"<p>Heyneke Meyer, tren\u00e9r Springboks (n\u00e1rodn\u00ed t\u00fdm Ji\u017en\u00ed Afriky) \u010del\u00ed velk\u00e9mu probl\u00e9mu. Je obvi\u0148ov\u00e1n z toho, \u017ee je rasista a \u017ee poskytuje v\u00edce \u0161anc\u00ed b\u00edl\u00fdm hr\u00e1\u010d\u016fm ne\u017e \u010dern\u00fdm v n\u00e1rodn\u00edm t\u00fdmu. \u010ct\u011bte v\u00edce a u\u010dte se anglicky tak, jak v\u00e1s to bav\u00ed.<\/p>\n","protected":false},"author":2,"featured_media":13909,"comment_status":"open","ping_status":"closed","sticky":false,"template":"","format":"standard","meta":[],"categories":[44,39],"tags":[50,51,60,74,78,82,95,101,116,117,118,119,128,129,133,138],"yoast_head":"<!-- This site is optimized with the Yoast SEO plugin v20.10 - https:\/\/yoast.com\/wordpress\/plugins\/seo\/ -->\n<title>Meyer odm\u00edt\u00e1 na\u0159\u010den\u00ed z rasizmu - SoGood Languages<\/title>\n<meta name=\"description\" content=\"Heyneke Meyer faces accusation from racism. Read more in an English article with translation on So Good Languages and learn English!\" \/>\n<meta name=\"robots\" content=\"index, follow, max-snippet:-1, max-image-preview:large, max-video-preview:-1\" \/>\n<link rel=\"canonical\" href=\"https:\/\/dev.sogoodlanguages.com\/cs\/meyer-odmita-narceni-z-rasizmu\/\" \/>\n<meta property=\"og:locale\" content=\"cs_CZ\" \/>\n<meta property=\"og:type\" content=\"article\" \/>\n<meta property=\"og:title\" content=\"Meyer odm\u00edt\u00e1 na\u0159\u010den\u00ed z rasizmu - SoGood Languages\" \/>\n<meta property=\"og:description\" content=\"Heyneke Meyer faces accusation from racism. Read more in an English article with translation on So Good Languages and learn English!\" \/>\n<meta property=\"og:url\" content=\"https:\/\/dev.sogoodlanguages.com\/cs\/meyer-odmita-narceni-z-rasizmu\/\" \/>\n<meta property=\"og:site_name\" content=\"SoGood Languages\" \/>\n<meta property=\"article:publisher\" content=\"https:\/\/www.facebook.com\/SoGood-Languages-1434502526865341\" \/>\n<meta property=\"article:published_time\" content=\"2015-08-25T12:55:17+00:00\" \/>\n<meta property=\"article:modified_time\" content=\"2016-12-13T08:10:09+00:00\" \/>\n<meta property=\"og:image\" content=\"https:\/\/dev.sogoodlanguages.com\/wp-content\/uploads\/2015\/08\/Heyneke_Meyer_Rugby.jpg\" \/>\n\t<meta property=\"og:image:width\" content=\"1920\" \/>\n\t<meta property=\"og:image:height\" content=\"1275\" \/>\n\t<meta property=\"og:image:type\" content=\"image\/jpeg\" \/>\n<meta name=\"author\" content=\"Ond\u0159ej Vol\u0161\u00edk\" \/>\n<meta name=\"twitter:card\" content=\"summary_large_image\" \/>\n<meta name=\"twitter:label1\" content=\"Napsal(a)\" \/>\n\t<meta name=\"twitter:data1\" content=\"Ond\u0159ej Vol\u0161\u00edk\" \/>\n\t<meta name=\"twitter:label2\" content=\"Odhadovan\u00e1 doba \u010dten\u00ed\" \/>\n\t<meta name=\"twitter:data2\" content=\"8 minut\" \/>\n<script type=\"application\/ld+json\" class=\"yoast-schema-graph\">{\"@context\":\"https:\/\/schema.org\",\"@graph\":[{\"@type\":\"WebPage\",\"@id\":\"https:\/\/dev.sogoodlanguages.com\/cs\/meyer-odmita-narceni-z-rasizmu\/\",\"url\":\"https:\/\/dev.sogoodlanguages.com\/cs\/meyer-odmita-narceni-z-rasizmu\/\",\"name\":\"Meyer odm\u00edt\u00e1 na\u0159\u010den\u00ed z rasizmu - SoGood Languages\",\"isPartOf\":{\"@id\":\"https:\/\/dev.sogoodlanguages.com\/cs\/#website\"},\"datePublished\":\"2015-08-25T12:55:17+00:00\",\"dateModified\":\"2016-12-13T08:10:09+00:00\",\"author\":{\"@id\":\"https:\/\/dev.sogoodlanguages.com\/cs\/#\/schema\/person\/42530a5ef258f4bc8935fba1f8fdb29c\"},\"description\":\"Heyneke Meyer faces accusation from racism. Read more in an English article with translation on So Good Languages and learn English!\",\"breadcrumb\":{\"@id\":\"https:\/\/dev.sogoodlanguages.com\/cs\/meyer-odmita-narceni-z-rasizmu\/#breadcrumb\"},\"inLanguage\":\"cs\",\"potentialAction\":[{\"@type\":\"ReadAction\",\"target\":[\"https:\/\/dev.sogoodlanguages.com\/cs\/meyer-odmita-narceni-z-rasizmu\/\"]}]},{\"@type\":\"BreadcrumbList\",\"@id\":\"https:\/\/dev.sogoodlanguages.com\/cs\/meyer-odmita-narceni-z-rasizmu\/#breadcrumb\",\"itemListElement\":[{\"@type\":\"ListItem\",\"position\":1,\"name\":\"Dom\u016f\",\"item\":\"https:\/\/dev.sogoodlanguages.com\/cs\/\"},{\"@type\":\"ListItem\",\"position\":2,\"name\":\"Meyer odm\u00edt\u00e1 na\u0159\u010den\u00ed z rasizmu\"}]},{\"@type\":\"WebSite\",\"@id\":\"https:\/\/dev.sogoodlanguages.com\/cs\/#website\",\"url\":\"https:\/\/dev.sogoodlanguages.com\/cs\/\",\"name\":\"SoGood Languages\",\"description\":\"SoGood Languages\",\"potentialAction\":[{\"@type\":\"SearchAction\",\"target\":{\"@type\":\"EntryPoint\",\"urlTemplate\":\"https:\/\/dev.sogoodlanguages.com\/cs\/?s={search_term_string}\"},\"query-input\":\"required name=search_term_string\"}],\"inLanguage\":\"cs\"},{\"@type\":\"Person\",\"@id\":\"https:\/\/dev.sogoodlanguages.com\/cs\/#\/schema\/person\/42530a5ef258f4bc8935fba1f8fdb29c\",\"name\":\"Ond\u0159ej Vol\u0161\u00edk\",\"image\":{\"@type\":\"ImageObject\",\"inLanguage\":\"cs\",\"@id\":\"https:\/\/dev.sogoodlanguages.com\/cs\/#\/schema\/person\/image\/\",\"url\":\"https:\/\/dev.sogoodlanguages.com\/wp-content\/uploads\/2015\/05\/ondrej-volsik-150x150.png\",\"contentUrl\":\"https:\/\/dev.sogoodlanguages.com\/wp-content\/uploads\/2015\/05\/ondrej-volsik-150x150.png\",\"caption\":\"Ond\u0159ej Vol\u0161\u00edk\"},\"description\":\"[wpml_language language=\\\"en\\\"] Tutor and language consultant. Have been studying languages since childhood and speaks fluently English and French. Due to his special knowledge he manages to solve any language obstruction. As langauges are his hobby, he knows lots of interesting facts that are often neglected when learning in formal way and shares them with his students to bring them closer to the language. [\/wpml_language] [wpml_language language=\\\"cs\\\"] Lektor a jazykov\u00fd poradce. Jazyky studuje u\u017e od rann\u00e9ho v\u011bku a mluv\u00ed plynule anglicky a francouzsky. D\u00edky sv\u00fdm odborn\u00fdm znalostem dok\u00e1\u017ee poradit s jakoukoli jazykovou p\u0159ek\u00e1\u017ekou. Jeliko\u017e se jazyky staly jeho hobby, v\u00ed o nich zaj\u00edmav\u00e9 v\u011bci, kter\u00e9 jsou ve form\u00e1ln\u00edm vzd\u011bl\u00e1v\u00e1n\u00ed opom\u00edjeny a sna\u017e\u00ed se je p\u0159ed\u00e1vat sv\u00fdm student\u016fm, aby jim jazyk co nejv\u00edce p\u0159ibl\u00ed\u017eil. [\/wpml_language] [wpml_language language=\\\"es\\\"] Tutor y asesor de idiomas. Ha estado estudiando idiomas desde la infancia y habla con fluidez Ingl\u00e9s y franc\u00e9s. Debido a su conocimiento especial se las arregla para resolver cualquier barrera idiom\u00e1tica. Como las lenguas son su pasatiempo, sabe un mont\u00f3n de datos interesantes que se suelen olvidar cuando se aprende de manera formal y los comparte con sus alumnos para acercarlos a la lengua. [\/wpml_language]\",\"url\":\"https:\/\/dev.sogoodlanguages.com\/cs\/author\/ondravols\/\"}]}<\/script>\n<!-- \/ Yoast SEO plugin. -->","yoast_head_json":{"title":"Meyer odm\u00edt\u00e1 na\u0159\u010den\u00ed z rasizmu - SoGood Languages","description":"Heyneke Meyer faces accusation from racism. Read more in an English article with translation on So Good Languages and learn English!","robots":{"index":"index","follow":"follow","max-snippet":"max-snippet:-1","max-image-preview":"max-image-preview:large","max-video-preview":"max-video-preview:-1"},"canonical":"https:\/\/dev.sogoodlanguages.com\/cs\/meyer-odmita-narceni-z-rasizmu\/","og_locale":"cs_CZ","og_type":"article","og_title":"Meyer odm\u00edt\u00e1 na\u0159\u010den\u00ed z rasizmu - SoGood Languages","og_description":"Heyneke Meyer faces accusation from racism. Read more in an English article with translation on So Good Languages and learn English!","og_url":"https:\/\/dev.sogoodlanguages.com\/cs\/meyer-odmita-narceni-z-rasizmu\/","og_site_name":"SoGood Languages","article_publisher":"https:\/\/www.facebook.com\/SoGood-Languages-1434502526865341","article_published_time":"2015-08-25T12:55:17+00:00","article_modified_time":"2016-12-13T08:10:09+00:00","og_image":[{"width":1920,"height":1275,"url":"https:\/\/dev.sogoodlanguages.com\/wp-content\/uploads\/2015\/08\/Heyneke_Meyer_Rugby.jpg","type":"image\/jpeg"}],"author":"Ond\u0159ej Vol\u0161\u00edk","twitter_card":"summary_large_image","twitter_misc":{"Napsal(a)":"Ond\u0159ej Vol\u0161\u00edk","Odhadovan\u00e1 doba \u010dten\u00ed":"8 minut"},"schema":{"@context":"https:\/\/schema.org","@graph":[{"@type":"WebPage","@id":"https:\/\/dev.sogoodlanguages.com\/cs\/meyer-odmita-narceni-z-rasizmu\/","url":"https:\/\/dev.sogoodlanguages.com\/cs\/meyer-odmita-narceni-z-rasizmu\/","name":"Meyer odm\u00edt\u00e1 na\u0159\u010den\u00ed z rasizmu - SoGood Languages","isPartOf":{"@id":"https:\/\/dev.sogoodlanguages.com\/cs\/#website"},"datePublished":"2015-08-25T12:55:17+00:00","dateModified":"2016-12-13T08:10:09+00:00","author":{"@id":"https:\/\/dev.sogoodlanguages.com\/cs\/#\/schema\/person\/42530a5ef258f4bc8935fba1f8fdb29c"},"description":"Heyneke Meyer faces accusation from racism. Read more in an English article with translation on So Good Languages and learn English!","breadcrumb":{"@id":"https:\/\/dev.sogoodlanguages.com\/cs\/meyer-odmita-narceni-z-rasizmu\/#breadcrumb"},"inLanguage":"cs","potentialAction":[{"@type":"ReadAction","target":["https:\/\/dev.sogoodlanguages.com\/cs\/meyer-odmita-narceni-z-rasizmu\/"]}]},{"@type":"BreadcrumbList","@id":"https:\/\/dev.sogoodlanguages.com\/cs\/meyer-odmita-narceni-z-rasizmu\/#breadcrumb","itemListElement":[{"@type":"ListItem","position":1,"name":"Dom\u016f","item":"https:\/\/dev.sogoodlanguages.com\/cs\/"},{"@type":"ListItem","position":2,"name":"Meyer odm\u00edt\u00e1 na\u0159\u010den\u00ed z rasizmu"}]},{"@type":"WebSite","@id":"https:\/\/dev.sogoodlanguages.com\/cs\/#website","url":"https:\/\/dev.sogoodlanguages.com\/cs\/","name":"SoGood Languages","description":"SoGood Languages","potentialAction":[{"@type":"SearchAction","target":{"@type":"EntryPoint","urlTemplate":"https:\/\/dev.sogoodlanguages.com\/cs\/?s={search_term_string}"},"query-input":"required name=search_term_string"}],"inLanguage":"cs"},{"@type":"Person","@id":"https:\/\/dev.sogoodlanguages.com\/cs\/#\/schema\/person\/42530a5ef258f4bc8935fba1f8fdb29c","name":"Ond\u0159ej Vol\u0161\u00edk","image":{"@type":"ImageObject","inLanguage":"cs","@id":"https:\/\/dev.sogoodlanguages.com\/cs\/#\/schema\/person\/image\/","url":"https:\/\/dev.sogoodlanguages.com\/wp-content\/uploads\/2015\/05\/ondrej-volsik-150x150.png","contentUrl":"https:\/\/dev.sogoodlanguages.com\/wp-content\/uploads\/2015\/05\/ondrej-volsik-150x150.png","caption":"Ond\u0159ej Vol\u0161\u00edk"},"description":"[wpml_language language=\"en\"] Tutor and language consultant. Have been studying languages since childhood and speaks fluently English and French. Due to his special knowledge he manages to solve any language obstruction. As langauges are his hobby, he knows lots of interesting facts that are often neglected when learning in formal way and shares them with his students to bring them closer to the language. [\/wpml_language] [wpml_language language=\"cs\"] Lektor a jazykov\u00fd poradce. Jazyky studuje u\u017e od rann\u00e9ho v\u011bku a mluv\u00ed plynule anglicky a francouzsky. D\u00edky sv\u00fdm odborn\u00fdm znalostem dok\u00e1\u017ee poradit s jakoukoli jazykovou p\u0159ek\u00e1\u017ekou. Jeliko\u017e se jazyky staly jeho hobby, v\u00ed o nich zaj\u00edmav\u00e9 v\u011bci, kter\u00e9 jsou ve form\u00e1ln\u00edm vzd\u011bl\u00e1v\u00e1n\u00ed opom\u00edjeny a sna\u017e\u00ed se je p\u0159ed\u00e1vat sv\u00fdm student\u016fm, aby jim jazyk co nejv\u00edce p\u0159ibl\u00ed\u017eil. [\/wpml_language] [wpml_language language=\"es\"] Tutor y asesor de idiomas. Ha estado estudiando idiomas desde la infancia y habla con fluidez Ingl\u00e9s y franc\u00e9s. Debido a su conocimiento especial se las arregla para resolver cualquier barrera idiom\u00e1tica. Como las lenguas son su pasatiempo, sabe un mont\u00f3n de datos interesantes que se suelen olvidar cuando se aprende de manera formal y los comparte con sus alumnos para acercarlos a la lengua. [\/wpml_language]","url":"https:\/\/dev.sogoodlanguages.com\/cs\/author\/ondravols\/"}]}},"_links":{"self":[{"href":"https:\/\/dev.sogoodlanguages.com\/cs\/wp-json\/wp\/v2\/posts\/13912"}],"collection":[{"href":"https:\/\/dev.sogoodlanguages.com\/cs\/wp-json\/wp\/v2\/posts"}],"about":[{"href":"https:\/\/dev.sogoodlanguages.com\/cs\/wp-json\/wp\/v2\/types\/post"}],"author":[{"embeddable":true,"href":"https:\/\/dev.sogoodlanguages.com\/cs\/wp-json\/wp\/v2\/users\/2"}],"replies":[{"embeddable":true,"href":"https:\/\/dev.sogoodlanguages.com\/cs\/wp-json\/wp\/v2\/comments?post=13912"}],"version-history":[{"count":5,"href":"https:\/\/dev.sogoodlanguages.com\/cs\/wp-json\/wp\/v2\/posts\/13912\/revisions"}],"predecessor-version":[{"id":74712,"href":"https:\/\/dev.sogoodlanguages.com\/cs\/wp-json\/wp\/v2\/posts\/13912\/revisions\/74712"}],"wp:featuredmedia":[{"embeddable":true,"href":"https:\/\/dev.sogoodlanguages.com\/cs\/wp-json\/wp\/v2\/media\/13909"}],"wp:attachment":[{"href":"https:\/\/dev.sogoodlanguages.com\/cs\/wp-json\/wp\/v2\/media?parent=13912"}],"wp:term":[{"taxonomy":"category","embeddable":true,"href":"https:\/\/dev.sogoodlanguages.com\/cs\/wp-json\/wp\/v2\/categories?post=13912"},{"taxonomy":"post_tag","embeddable":true,"href":"https:\/\/dev.sogoodlanguages.com\/cs\/wp-json\/wp\/v2\/tags?post=13912"}],"curies":[{"name":"wp","href":"https:\/\/api.w.org\/{rel}","templated":true}]}}