{"id":59045,"date":"2020-09-15T09:54:13","date_gmt":"2020-09-15T07:54:13","guid":{"rendered":"http:\/\/dev.sogoodlanguages.com\/english\/cs\/blog\/2015\/12\/09\/how-are-christmas-celebrated-in-france\/"},"modified":"2020-09-15T09:55:05","modified_gmt":"2020-09-15T07:55:05","slug":"jak-se-slavi-vanoce-ve-francii","status":"publish","type":"post","link":"https:\/\/dev.sogoodlanguages.com\/cs\/jak-se-slavi-vanoce-ve-francii\/","title":{"rendered":"Jak se slav\u00ed V\u00e1noce ve Francii"},"content":{"rendered":"<section class=\"wpb-content-wrapper\"><p>[vc_row][vc_column width=&#8220;1\/3&#8243;][vc_tta_accordion style=&#8220;flat&#8220; shape=&#8220;square&#8220; c_icon=&#8220;chevron&#8220; c_position=&#8220;right&#8220; active_section=&#8220;1&#8243; collapsible_all=&#8220;true&#8220;][vc_tta_section i_type=&#8220;entypo&#8220; i_icon_entypo=&#8220;entypo-icon entypo-icon-book&#8220; title=&#8220;Slovn\u00edk&#8220; tab_id=&#8220;1455016463528-55c7fac8-8cc04f67-c6aa&#8220; add_icon=&#8220;true&#8220;][vc_column_text]<strong>wonder<\/strong> &#8211; zaj\u00edmat se<br \/>\n<strong>market<\/strong> &#8211; trh<br \/>\n<strong>intention<\/strong> &#8211; z\u00e1m\u011br<br \/>\n<strong>sip<\/strong> &#8211; srkat<br \/>\n<strong>mulled<\/strong> &#8211; sva\u0159en\u00fd<br \/>\n<strong>daily<\/strong> &#8211; ka\u017edodenn\u00ed<br \/>\n<strong>date<\/strong> &#8211; datovat se<br \/>\n<strong>Briton<\/strong> &#8211; Brit<br \/>\n<strong>ribbon<\/strong> &#8211; stuha<br \/>\n<strong>fortune<\/strong> &#8211; majetek<br \/>\n<strong>following<\/strong> &#8211; p\u0159\u00ed\u0161t\u00ed<br \/>\n<strong>table<\/strong> &#8211; tabule<br \/>\n<strong>highlight<\/strong> &#8211; vrchol<br \/>\n<strong>feast<\/strong> &#8211; hodovat<br \/>\n<strong>attend<\/strong> &#8211; z\u00fa\u010dastnit se<br \/>\n<strong>Midnight Mass<\/strong> &#8211; p\u016flno\u010dn\u00ed m\u0161e<br \/>\n<strong>in general<\/strong> &#8211; obecn\u011b<br \/>\n<strong>left over<\/strong> &#8211; nechat<br \/>\n<strong>extended family<\/strong> &#8211; roz\u0161\u00ed\u0159en\u00e1 rodina, vzd\u00e1len\u00ed p\u0159\u00edbuzn\u00ed<br \/>\n<strong>smoked<\/strong> &#8211; uzen\u00fd<br \/>\n<strong>stuffed<\/strong> &#8211; pln\u011bn\u00fd<br \/>\n<strong>saut\u00e9ed<\/strong> &#8211; prudce ope\u010den\u00fd<br \/>\n<strong>Yule<\/strong> &#8211; V\u00e1noce (star\u0161\u00ed v\u00fdraz pro V\u00e1noce)[\/vc_column_text][\/vc_tta_section][\/vc_tta_accordion][vc_tta_accordion style=&#8220;flat&#8220; shape=&#8220;square&#8220; c_icon=&#8220;chevron&#8220; c_position=&#8220;right&#8220; active_section=&#8220;1&#8243; collapsible_all=&#8220;true&#8220;][vc_tta_section i_type=&#8220;entypo&#8220; i_icon_entypo=&#8220;entypo-icon entypo-icon-help-circled&#8220; title=&#8220;Ot\u00e1zky&#8220; tab_id=&#8220;1455721897688-73c5541e-f0504f67-c6aa&#8220; add_icon=&#8220;true&#8220;][vc_column_text]<\/p>\n<ol>\n<li>When a pleasure appears on his face?<\/li>\n<li>What does the story presents?<\/li>\n<\/ol>\n[\/vc_column_text][\/vc_tta_section][\/vc_tta_accordion][vc_tta_accordion style=&#8220;flat&#8220; shape=&#8220;square&#8220; c_icon=&#8220;chevron&#8220; c_position=&#8220;right&#8220; active_section=&#8220;1&#8243; collapsible_all=&#8220;true&#8220;][vc_tta_section i_type=&#8220;entypo&#8220; i_icon_entypo=&#8220;entypo-icon entypo-icon-info-circled&#8220; title=&#8220;Tipy&#8220; tab_id=&#8220;1455789834147-ab17ca3c-5d7c4f67-c6aa&#8220; add_icon=&#8220;true&#8220;][vc_column_text]When Kylo Ren, son of Han Solo and Leia, kills Solo in a key scene near the end of the movie, a pleasure appears on his face.[\/vc_column_text][\/vc_tta_section][\/vc_tta_accordion][\/vc_column][vc_column width=&#8220;2\/3&#8243;][vc_column_text]Have you ever wondered what a French Christmas looks like? They are simply magical. If you dream about spending Christmas in France, you are not the only one.<\/p>\n<a href=\"#collaps2733907731\" class=\"collaps collapsed\" data-toggle=\"collapse\"><span class=\"close\">Zobrazit p\u0159eklad<\/span><span class=\"open\">Skr\u00fdt p\u0159eklad<\/span><\/a><div class=\"collapse\" id=\"collaps2733907731\" aria-expanded=\"false\"><br \/>\nZaj\u00edmalo v\u00e1s n\u011bkdy, jak Francouzi slav\u00ed V\u00e1noce? Jsou prost\u011b kouzeln\u00e9. Pokud jste n\u011bkdy snili o tr\u00e1ven\u00ed V\u00e1noc ve Francii, nejste jedin\u00ed.<br \/>\n<\/div>\n<p><strong>Christmas markets<\/strong><br \/>\nFrance is among some of the countries with a tradition of Christmas markets. Beginning at the end of November and lasting until the end of December, they are visited by people whose intention is to buy something, sip mulled wine or just enjoy the magical Christmas atmosphere. Some markets are open daily but some of them are possible to visit only at weekends.<\/p>\n<a href=\"#collaps523527446\" class=\"collaps collapsed\" data-toggle=\"collapse\"><span class=\"close\">Zobrazit p\u0159eklad<\/span><span class=\"open\">Skr\u00fdt p\u0159eklad<\/span><\/a><div class=\"collapse\" id=\"collaps523527446\" aria-expanded=\"false\"><\/p>\n<p><strong>V\u00e1no\u010dn\u00ed trhy<br \/>\n<\/strong>Francie je\u00a0jednou ze zem\u00ed s\u00a0tradic\u00ed v\u00e1no\u010dn\u00edch trh\u016f. Za\u010d\u00ednaj\u00ed na konci listopadu a trvaj\u00ed do konce prosince. Nav\u0161t\u011bvuj\u00ed je lid\u00e9, jejich\u017e z\u00e1m\u011brem je sice n\u011bco koupit, usrk\u00e1vat sva\u0159en\u00e9 v\u00edno nebo si u\u017e\u00edvat tu kouzelnou v\u00e1no\u010dn\u00ed atmosf\u00e9ru. N\u011bkter\u00e9 trhy jsou otev\u0159en\u00e9 ka\u017ed\u00fd den, ale n\u011bkter\u00e9 pouze o v\u00edkendech.<br \/>\n<\/div>\n<p>While speaking about Christmas markets in France, we must mention to two cities with popular markets \u2013 Strasbourg and Lille. At Christmas time, Strasbourg Cathedral is surrounded by Christmas markets. The tradition of Christmas markets in this city dates back to the 14th century. Even Britons can enjoy Christmas markets in France, especially in Lille. It takes only 80 minutes by train from London to Lille.<\/p>\n<a href=\"#collaps1819351820\" class=\"collaps collapsed\" data-toggle=\"collapse\"><span class=\"close\">Zobrazit p\u0159eklad<\/span><span class=\"open\">Skr\u00fdt p\u0159eklad<\/span><\/a><div class=\"collapse\" id=\"collaps1819351820\" aria-expanded=\"false\"><br \/>\nKdy\u017e mluv\u00edme o v\u00e1no\u010dn\u00edch trz\u00edch, mus\u00edme zm\u00ednit dv\u011b m\u011bsta s\u00a0obl\u00edben\u00fdmi trhy \u2013 \u0160trasburk a Lille. O V\u00e1noc\u00edch, je katedr\u00e1la ve \u0160trasburku obklopena v\u00e1no\u010dn\u00edmi trhy. Jejich tradice se datuje ji\u017e od 14. stolet\u00ed. Dokonce i Britov\u00e9 si mohou u\u017e\u00edt v\u00e1no\u010dn\u00ed trhy ve Francii, zejm\u00e9na v\u00a0Lille. Cesta vlakem z\u00a0Lond\u00fdna trv\u00e1 pouh\u00fdch 80 minut.<br \/>\n<\/div>\n<p><strong>Christmas decorations<\/strong><\/p>\n<a href=\"#collaps367822759\" class=\"collaps collapsed\" data-toggle=\"collapse\"><span class=\"close\">Zobrazit p\u0159eklad<\/span><span class=\"open\">Skr\u00fdt p\u0159eklad<\/span><\/a><div class=\"collapse\" id=\"collaps367822759\" aria-expanded=\"false\"><br \/>\nV\u00e1no\u010dn\u00ed dekorace<br \/>\n<\/div>\n<p><strong>The Christmas tree<\/strong><\/p>\n<p>Since late the 1830s, the Christmas tree has become the most traditional decoration and symbol of Christmas. The Christmas tree is frequently decorated with apples, paper flowers or ribbons.<\/p>\n<a href=\"#collaps1069556546\" class=\"collaps collapsed\" data-toggle=\"collapse\"><span class=\"close\">Zobrazit p\u0159eklad<\/span><span class=\"open\">Skr\u00fdt p\u0159eklad<\/span><\/a><div class=\"collapse\" id=\"collaps1069556546\" aria-expanded=\"false\"><br \/>\n<strong>V\u00e1no\u010dn\u00ed strome\u010dek<\/strong><br \/>\nOd 30. let 19. stolet\u00ed se v\u00e1no\u010dn\u00ed strome\u010dek stal nejtradi\u010dn\u011bj\u0161\u00ed sou\u010d\u00e1st\u00ed v\u00fdzdoby a symbol V\u00e1noc. Strome\u010dek je \u010dasto zdoben jablky, pap\u00edrov\u00fdmi kv\u011btinami a stuhami.<br \/>\n<\/div>\n<p>Mistletoe<\/p>\n<p>Who would not want to be rich? Mistletoe hung above the door is believed to bring fortune throughout the following year.<\/p>\n<a href=\"#collaps4247635221\" class=\"collaps collapsed\" data-toggle=\"collapse\"><span class=\"close\">Zobrazit p\u0159eklad<\/span><span class=\"open\">Skr\u00fdt p\u0159eklad<\/span><\/a><div class=\"collapse\" id=\"collaps4247635221\" aria-expanded=\"false\"><br \/>\n<strong>Jmel\u00ed<br \/>\n<\/strong>Kdo by necht\u011bl b\u00fdt bohat\u00fd? \u0158\u00edk\u00e1, \u017ee jmel\u00ed zav\u011b\u0161en\u00e9 nad dve\u0159mi p\u0159inese n\u00e1sleduj\u00edc\u00ed rok pen\u00edze.<br \/>\n<\/div>\n<p><strong>Christmas table<br \/>\n<\/strong>The French are well-known for their passion for food. They want their tables to be perfect, especially on Christmas Eve. Tables on Christmas Eve should be elegant and inviting and they should make everybody want to join the family and eat with them.<\/p>\n<a href=\"#collaps1554597202\" class=\"collaps collapsed\" data-toggle=\"collapse\"><span class=\"close\">Zobrazit p\u0159eklad<\/span><span class=\"open\">Skr\u00fdt p\u0159eklad<\/span><\/a><div class=\"collapse\" id=\"collaps1554597202\" aria-expanded=\"false\"><br \/>\n<strong>V\u00e1no\u010dn\u00ed\u00a0tabule<br \/>\n<\/strong>Francouzi jsou zn\u00e1m\u00ed pro jejich v\u00e1\u0161e\u0148 k\u00a0j\u00eddlu. Cht\u011bj\u00ed, aby jejich tabule\u00a0byla perfektn\u00ed, hlavn\u011b na \u0160t\u011bdr\u00fd ve\u010der. Tabule\u00a0by m\u011bly b\u00fdt elegantn\u00ed a v\u00e1b\u00edc\u00ed, aby se ka\u017ed\u00fd cht\u011bl k\u00a0rodin\u011b p\u0159idat a j\u00edst s\u00a0nimi.<br \/>\n<\/div>\n<p><strong>Christmas traditions<\/strong><\/p>\n<a href=\"#collaps951479857\" class=\"collaps collapsed\" data-toggle=\"collapse\"><span class=\"close\">Zobrazit p\u0159eklad<\/span><span class=\"open\">Skr\u00fdt p\u0159eklad<\/span><\/a><div class=\"collapse\" id=\"collaps951479857\" aria-expanded=\"false\"><br \/>\n<strong>V\u00e1no\u010dn\u00ed tradice<\/strong><br \/>\n<\/div>\n<p><strong>Christmas Eve<br \/>\n<\/strong>The 24th December is the highlight of the whole Christmas time \u2013 the day that everyone waits for. The most important part of the evening is Christmas dinner. Families sit together and feast for almost six hours, eat delicious food and taste different kinds of wines.<\/p>\n<a href=\"#collaps957700378\" class=\"collaps collapsed\" data-toggle=\"collapse\"><span class=\"close\">Zobrazit p\u0159eklad<\/span><span class=\"open\">Skr\u00fdt p\u0159eklad<\/span><\/a><div class=\"collapse\" id=\"collaps957700378\" aria-expanded=\"false\"><br \/>\n24.\u00a0prosinec je vrcholem cel\u00fdch V\u00e1noc \u2013 den, na kter\u00fd ka\u017ed\u00fd \u010dek\u00e1. Nejd\u016fle\u017eit\u011bj\u0161\u00ed \u010d\u00e1st\u00ed ve\u010dera je \u0161t\u011bdrove\u010dern\u00ed ve\u010de\u0159e. Rodiny spole\u010dn\u011b sed\u00ed a hoduj\u00ed t\u00e9m\u011b\u0159 \u0161est hodin, jed\u00ed skv\u011bl\u00e1 j\u00eddla a ochutn\u00e1vaj\u00ed r\u016fzn\u00e9 druhy v\u00edn.<br \/>\n<\/div>\n<p><strong>Christmas mass<br \/>\n<\/strong>People from Catholic families attend Midnight Mass. In general, this tradition is not as popular as it used to be. Fewer and fewer people attend this mass.<\/p>\n<a href=\"#collaps348218129\" class=\"collaps collapsed\" data-toggle=\"collapse\"><span class=\"close\">Zobrazit p\u0159eklad<\/span><span class=\"open\">Skr\u00fdt p\u0159eklad<\/span><\/a><div class=\"collapse\" id=\"collaps348218129\" aria-expanded=\"false\"><br \/>\n<strong>V\u00e1no\u010dn\u00ed m\u0161e<br \/>\n<\/strong>Lid\u00e9 z\u00a0katolick\u00fdch rodin nav\u0161t\u011bvuj\u00ed p\u016flno\u010dn\u00ed m\u0161i. Obecn\u011b ji\u017e tato tradici nen\u00ed tak popul\u00e1rn\u00ed jako b\u00fdvala. Nav\u0161t\u011bvuje ji st\u00e1le m\u00e9n\u011b a m\u00e9n\u011b lid\u00ed.<br \/>\n<\/div>\n<p><strong>Gifts and presents<\/strong><br \/>\nThe fireplace is the place where children hope to find their presents. They put shoes in front of the fireplace and Santa Claus fills them with presents. While younger children wait until December 25th to unwrap their presents, older children unwrap their Christmas gifts at midnight on 24th December.<\/p>\n<a href=\"#collaps3783079522\" class=\"collaps collapsed\" data-toggle=\"collapse\"><span class=\"close\">Zobrazit p\u0159eklad<\/span><span class=\"open\">Skr\u00fdt p\u0159eklad<\/span><\/a><div class=\"collapse\" id=\"collaps3783079522\" aria-expanded=\"false\"><br \/>\n<strong>D\u00e1rky<br \/>\n<\/strong>D\u011bti doufaj\u00ed, \u017ee najdou sv\u00e9 d\u00e1rky u ohni\u0161t\u011b. P\u0159ed ohni\u0161t\u011b pokl\u00e1daj\u00ed boty a Santa Claus do nich d\u00e1v\u00e1 d\u00e1rky. Zat\u00edmco mlad\u0161\u00ed d\u011bti \u010dekaj\u00ed a\u017e do 25. prosince, aby si rozbalili d\u00e1rky, star\u0161\u00ed d\u011bti si je rozbaluj\u00ed 24. prosince o p\u016flnoci.<br \/>\n<\/div>\n<p><strong>Christmas Day<br \/>\n<\/strong>On 25th December people finish eating what was left over from the Christmas feast. Another way how to spend this day is by relaxing or visiting their extended family.<\/p>\n<a href=\"#collaps2090805960\" class=\"collaps collapsed\" data-toggle=\"collapse\"><span class=\"close\">Zobrazit p\u0159eklad<\/span><span class=\"open\">Skr\u00fdt p\u0159eklad<\/span><\/a><div class=\"collapse\" id=\"collaps2090805960\" aria-expanded=\"false\"><br \/>\n25. prosince lid\u00e9 doj\u00eddaj\u00ed to, co zbylo z\u00a0v\u00e1no\u010dn\u00ed hostiny. Dal\u0161\u00ed mo\u017enost\u00ed, jak str\u00e1vit tento den je nav\u0161t\u011bvov\u00e1n\u00ed vzd\u00e1len\u00fdch p\u0159\u00edbuzn\u00fdch.<br \/>\n<\/div>\n<p><strong>Christmas Food<br \/>\n<\/strong>Each region in France has its traditional Christmas menu. It usually consists of smoked salmon, oysters, bran bread and butter, foie gras (goose or duck liver pate), goose, capon or turkey stuffed with chestnuts and vegetables, provincial herbs and saut\u00e9ed potatoes. If you are still not full you can have a dessert \u2013 Yule log &#8211; a sponge cake decorated like a log, traditionally made of chocolate and chestnuts.<\/p>\n<a href=\"#collaps2159968010\" class=\"collaps collapsed\" data-toggle=\"collapse\"><span class=\"close\">Zobrazit p\u0159eklad<\/span><span class=\"open\">Skr\u00fdt p\u0159eklad<\/span><\/a><div class=\"collapse\" id=\"collaps2159968010\" aria-expanded=\"false\"><br \/>\n<strong>V\u00e1no\u010dn\u00ed j\u00eddlo<br \/>\n<\/strong>Ka\u017ed\u00fd francouzsk\u00fd region m\u00e1 sv\u00e9 tradi\u010dn\u00ed v\u00e1no\u010dn\u00ed menu. Obvykle se skl\u00e1d\u00e1 z\u00a0uzen\u00e9ho lososa, \u00fast\u0159ic, otrubov\u00e9ho chleba a m\u00e1sla, foie gras (pa\u0161tika z\u00a0hus\u00edch nebo kachn\u00edch jater), husy, kapouna nebo krocana vycpan\u00e9ho ka\u0161tany a zeleninou a ope\u010den\u00e9 brambory s\u00a0provens\u00e1lsk\u00fdm ko\u0159en\u00edm. Pokud st\u00e1le nem\u00e1te dost, m\u016f\u017eete si d\u00e1t dezert \u2013 v\u00e1no\u010dn\u00ed poleno, co\u017e je pi\u0161kotov\u00fd dort ve tvaru polena p\u0159ipraven\u00fd z\u00a0\u010dokol\u00e1dy a o\u0159ech\u016f.<br \/>\n<\/div>\n[\/vc_column_text][\/vc_column][\/vc_row][vc_row css=&#8220;.vc_custom_1455727579450{margin-top: 5em !important;border-top-width: 1px !important;border-top-color: #e5e5e5 !important;}&#8220;][vc_column][vc_tta_accordion style=&#8220;flat&#8220; shape=&#8220;square&#8220; c_icon=&#8220;chevron&#8220; c_position=&#8220;right&#8220; active_section=&#8220;1&#8243; collapsible_all=&#8220;true&#8220; no_fill=&#8220;true&#8220;][vc_tta_section i_icon_fontawesome=&#8220;fa fa-thumb-tack&#8220; title=&#8220;Cel\u00fd \u010dl\u00e1nek v \u010de\u0161tin\u011b&#8220; tab_id=&#8220;1455696943689-4132252b-301e4f67-c6aa&#8220; add_icon=&#8220;true&#8220;][vc_column_text]<\/p>\n<h3>Jak se slav\u00ed V\u00e1noce ve Francii<\/h3>\n<p>Zaj\u00edmalo v\u00e1s n\u011bkdy, jak Francouzi slav\u00ed V\u00e1noce? Jsou prost\u011b kouzeln\u00e9. Pokud jste n\u011bkdy snili o tr\u00e1ven\u00ed V\u00e1noc ve Francii, nejste jedin\u00ed.<\/p>\n<p><strong>V\u00e1no\u010dn\u00ed trhy<br \/>\n<\/strong>V\u00e1no\u010dn\u00ed trhy jsou jednou ze zem\u00ed s\u00a0tradic\u00ed v\u00e1no\u010dn\u00edch trh\u016f. Za\u010d\u00ednaj\u00ed na konci listopadu a trvaj\u00ed do konce prosince. Nav\u0161t\u011bvuj\u00ed je lid\u00e9, jejich\u017e z\u00e1m\u011brem je sice n\u011bco koupit, usrk\u00e1vat sva\u0159en\u00e9 v\u00edno nebo si u\u017e\u00edvat tu kouzelnou v\u00e1no\u010dn\u00ed atmosf\u00e9ru. N\u011bkter\u00e9 trhy jsou otev\u0159en\u00e9 ka\u017ed\u00fd den, ale n\u011bkter\u00e9 pouze o v\u00edkendech.<\/p>\n<p>Kdy\u017e mluv\u00edme o v\u00e1no\u010dn\u00edch trz\u00edch, mus\u00edme zm\u00ednit dv\u011b m\u011bsta s\u00a0obl\u00edben\u00fdmi trhy \u2013 \u0160trasburk a Lille. O V\u00e1noc\u00edch, je katedr\u00e1la ve \u0160trasburku obklopena v\u00e1no\u010dn\u00edmi trhy. Jejich tradice se datuje ji\u017e od 14. stolet\u00ed. Dokonce i Britov\u00e9 si mohou u\u017e\u00edt v\u00e1no\u010dn\u00ed trhy ve Francii, zejm\u00e9na v\u00a0Lille. Cesta vlakem z\u00a0Lond\u00fdna trv\u00e1 pouh\u00fdch 80 minut.<\/p>\n<p><strong>V\u00e1no\u010dn\u00ed v\u00fdzdoba<\/strong><\/p>\n<p><strong>V\u00e1no\u010dn\u00ed strome\u010dek<br \/>\n<\/strong>Od 30. let 19. stolet\u00ed se v\u00e1no\u010dn\u00ed strome\u010dek stal nejtradi\u010dn\u011bj\u0161\u00ed sou\u010d\u00e1st\u00ed v\u00fdzdoby a symbol V\u00e1noc. Strome\u010dek je \u010dasto zdoben jablky, pap\u00edrov\u00fdmi kv\u011btinami a stuhami.<\/p>\n<p><strong>Jmel\u00ed<br \/>\n<\/strong>Kdo by necht\u011bl b\u00fdt bohat\u00fd? \u0158\u00edk\u00e1, \u017ee jmel\u00ed zav\u011b\u0161en\u00e9 nad dve\u0159mi p\u0159inese n\u00e1sleduj\u00edc\u00ed rok pen\u00edze.<\/p>\n<p><strong>V\u00e1no\u010dn\u00ed tabule<br \/>\n<\/strong>Francouzi jsou zn\u00e1m\u00ed pro jejich v\u00e1\u0161e\u0148 k\u00a0j\u00eddlu. Cht\u011bj\u00ed, aby jejich tabule byla perfektn\u00ed, hlavn\u011b na \u0160t\u011bdr\u00fd ve\u010der. Tabule by m\u011bly b\u00fdt elegantn\u00ed a v\u00e1b\u00edc\u00ed, aby se ka\u017ed\u00fd cht\u011bl k\u00a0rodin\u011b p\u0159idat a j\u00edst s\u00a0nimi.<\/p>\n<p><strong>V\u00e1no\u010dn\u00ed tradice<\/strong><\/p>\n<p><strong>\u0160t\u011bdr\u00fd ve\u010der<br \/>\n<\/strong>24. prosinec je vrcholem cel\u00fdch V\u00e1noc \u2013 den, na kter\u00fd ka\u017ed\u00fd \u010dek\u00e1. Nejd\u016fle\u017eit\u011bj\u0161\u00ed \u010d\u00e1st\u00ed ve\u010dera je \u0161t\u011bdrove\u010dern\u00ed ve\u010de\u0159e. Rodiny spole\u010dn\u011b sed\u00ed a hoduj\u00ed t\u00e9m\u011b\u0159 \u0161est hodin, jed\u00ed skv\u011bl\u00e1 j\u00eddla a ochutn\u00e1vaj\u00ed r\u016fzn\u00e9 druhy v\u00edn.<\/p>\n<p><strong>V\u00e1no\u010dn\u00ed m\u0161e<br \/>\n<\/strong>Lid\u00e9 z\u00a0katolick\u00fdch rodin nav\u0161t\u011bvuj\u00ed p\u016flno\u010dn\u00ed m\u0161i. Obecn\u011b ji\u017e tato tradici nen\u00ed tak popul\u00e1rn\u00ed jako b\u00fdvala. Nav\u0161t\u011bvuje ji st\u00e1le m\u00e9n\u011b a m\u00e9n\u011b lid\u00ed.<\/p>\n<p><strong>D\u00e1rky<br \/>\n<\/strong>D\u011bti doufaj\u00ed, \u017ee najdou sv\u00e9 d\u00e1rky u ohni\u0161t\u011b. P\u0159ed ohni\u0161t\u011b pokl\u00e1daj\u00ed boty a Santa Claus do nich d\u00e1v\u00e1 d\u00e1rky. Zat\u00edmco mlad\u0161\u00ed d\u011bti \u010dekaj\u00ed a\u017e do 25. prosince, aby si rozbalili d\u00e1rky, star\u0161\u00ed d\u011bti si je rozbaluj\u00ed 24. prosince o p\u016flnoci.<\/p>\n<p><strong>Bo\u017e\u00ed hod<br \/>\n<\/strong>25. prosince lid\u00e9 doj\u00eddaj\u00ed to, co zbylo z\u00a0v\u00e1no\u010dn\u00ed hostiny. Dal\u0161\u00ed mo\u017enost\u00ed, jak str\u00e1vit tento den je nav\u0161t\u011bvov\u00e1n\u00ed vzd\u00e1len\u00fdch p\u0159\u00edbuzn\u00fdch.<\/p>\n<p><strong>V\u00e1no\u010dn\u00ed j\u00eddlo<br \/>\n<\/strong>Ka\u017ed\u00fd francouzsk\u00fd region m\u00e1 sv\u00e9 tradi\u010dn\u00ed v\u00e1no\u010dn\u00ed menu. Obvykle se skl\u00e1d\u00e1 z\u00a0uzen\u00e9ho lososa, \u00fast\u0159ic, otrubov\u00e9ho chleba a m\u00e1sla, foie gras (pa\u0161tika z\u00a0hus\u00edch nebo kachn\u00edch jater), husy, kapouna nebo krocana vycpan\u00e9ho ka\u0161tany a zeleninou a ope\u010den\u00e9 brambory s\u00a0provens\u00e1lsk\u00fdm ko\u0159en\u00edm. Pokud st\u00e1le nem\u00e1te dost, m\u016f\u017eete si d\u00e1t dezert \u2013 v\u00e1no\u010dn\u00ed poleno, co\u017e je pi\u0161kotov\u00fd dort ve tvaru polena p\u0159ipraven\u00fd z\u00a0\u010dokol\u00e1dy a o\u0159ech\u016f.[\/vc_column_text][\/vc_tta_section][\/vc_tta_accordion][\/vc_column][\/vc_row]<\/p>\n<\/section>","protected":false},"excerpt":{"rendered":"<p>Jak se slav\u00ed V\u00e1noce po Evrop\u011b? Poj\u010fme se nejd\u0159\u00edve pod\u00edvat do Francie. P\u0159e\u010dt\u011bte si \u010dl\u00e1nek a u\u010dte se slovn\u00ed z\u00e1sobu spojenou s v\u00e1no\u010dn\u00ed t\u00e9matikou.<\/p>\n","protected":false},"author":2,"featured_media":22077,"comment_status":"open","ping_status":"closed","sticky":false,"template":"","format":"standard","meta":[],"categories":[6,39],"tags":[51,52,60,74,75,78,95,101,103,116,118,119,128,132,138],"yoast_head":"<!-- This site is optimized with the Yoast SEO plugin v20.10 - https:\/\/yoast.com\/wordpress\/plugins\/seo\/ -->\n<title>Jak se slav\u00ed V\u00e1noce ve Francii - SoGood Languages<\/title>\n<meta name=\"description\" content=\"Jak se slav\u00ed V\u00e1noce po Evrop\u011b? Poj\u010fme se nejd\u0159\u00edve pod\u00edvat do Francie. \u010ct\u011bte v angli\u010dtin\u011b a u\u010dte se jednodu\u0161e na SoGood Languages.\" \/>\n<meta name=\"robots\" content=\"index, follow, max-snippet:-1, max-image-preview:large, max-video-preview:-1\" \/>\n<link rel=\"canonical\" href=\"https:\/\/dev.sogoodlanguages.com\/cs\/jak-se-slavi-vanoce-ve-francii\/\" \/>\n<meta property=\"og:locale\" content=\"cs_CZ\" \/>\n<meta property=\"og:type\" content=\"article\" \/>\n<meta property=\"og:title\" content=\"Jak se slav\u00ed V\u00e1noce ve Francii - SoGood Languages\" \/>\n<meta property=\"og:description\" content=\"Jak se slav\u00ed V\u00e1noce po Evrop\u011b? Poj\u010fme se nejd\u0159\u00edve pod\u00edvat do Francie. \u010ct\u011bte v angli\u010dtin\u011b a u\u010dte se jednodu\u0161e na SoGood Languages.\" \/>\n<meta property=\"og:url\" content=\"https:\/\/dev.sogoodlanguages.com\/cs\/jak-se-slavi-vanoce-ve-francii\/\" \/>\n<meta property=\"og:site_name\" content=\"SoGood Languages\" \/>\n<meta property=\"article:publisher\" content=\"https:\/\/www.facebook.com\/SoGood-Languages-1434502526865341\" \/>\n<meta property=\"article:published_time\" content=\"2020-09-15T07:54:13+00:00\" \/>\n<meta property=\"article:modified_time\" content=\"2020-09-15T07:55:05+00:00\" \/>\n<meta property=\"og:image\" content=\"https:\/\/dev.sogoodlanguages.com\/wp-content\/uploads\/2015\/12\/2990403142_82bb9979e3_o-1.jpg\" \/>\n\t<meta property=\"og:image:width\" content=\"1920\" \/>\n\t<meta property=\"og:image:height\" content=\"1440\" \/>\n\t<meta property=\"og:image:type\" content=\"image\/jpeg\" \/>\n<meta name=\"author\" content=\"Ond\u0159ej Vol\u0161\u00edk\" \/>\n<meta name=\"twitter:card\" content=\"summary_large_image\" \/>\n<meta name=\"twitter:label1\" content=\"Napsal(a)\" \/>\n\t<meta name=\"twitter:data1\" content=\"Ond\u0159ej Vol\u0161\u00edk\" \/>\n\t<meta name=\"twitter:label2\" content=\"Odhadovan\u00e1 doba \u010dten\u00ed\" \/>\n\t<meta name=\"twitter:data2\" content=\"11 minut\" \/>\n<script type=\"application\/ld+json\" class=\"yoast-schema-graph\">{\"@context\":\"https:\/\/schema.org\",\"@graph\":[{\"@type\":\"WebPage\",\"@id\":\"https:\/\/dev.sogoodlanguages.com\/cs\/jak-se-slavi-vanoce-ve-francii\/\",\"url\":\"https:\/\/dev.sogoodlanguages.com\/cs\/jak-se-slavi-vanoce-ve-francii\/\",\"name\":\"Jak se slav\u00ed V\u00e1noce ve Francii - SoGood Languages\",\"isPartOf\":{\"@id\":\"https:\/\/dev.sogoodlanguages.com\/cs\/#website\"},\"datePublished\":\"2020-09-15T07:54:13+00:00\",\"dateModified\":\"2020-09-15T07:55:05+00:00\",\"author\":{\"@id\":\"https:\/\/dev.sogoodlanguages.com\/cs\/#\/schema\/person\/42530a5ef258f4bc8935fba1f8fdb29c\"},\"description\":\"Jak se slav\u00ed V\u00e1noce po Evrop\u011b? Poj\u010fme se nejd\u0159\u00edve pod\u00edvat do Francie. \u010ct\u011bte v angli\u010dtin\u011b a u\u010dte se jednodu\u0161e na SoGood Languages.\",\"breadcrumb\":{\"@id\":\"https:\/\/dev.sogoodlanguages.com\/cs\/jak-se-slavi-vanoce-ve-francii\/#breadcrumb\"},\"inLanguage\":\"cs\",\"potentialAction\":[{\"@type\":\"ReadAction\",\"target\":[\"https:\/\/dev.sogoodlanguages.com\/cs\/jak-se-slavi-vanoce-ve-francii\/\"]}]},{\"@type\":\"BreadcrumbList\",\"@id\":\"https:\/\/dev.sogoodlanguages.com\/cs\/jak-se-slavi-vanoce-ve-francii\/#breadcrumb\",\"itemListElement\":[{\"@type\":\"ListItem\",\"position\":1,\"name\":\"Dom\u016f\",\"item\":\"https:\/\/dev.sogoodlanguages.com\/cs\/\"},{\"@type\":\"ListItem\",\"position\":2,\"name\":\"Jak se slav\u00ed V\u00e1noce ve Francii\"}]},{\"@type\":\"WebSite\",\"@id\":\"https:\/\/dev.sogoodlanguages.com\/cs\/#website\",\"url\":\"https:\/\/dev.sogoodlanguages.com\/cs\/\",\"name\":\"SoGood Languages\",\"description\":\"SoGood Languages\",\"potentialAction\":[{\"@type\":\"SearchAction\",\"target\":{\"@type\":\"EntryPoint\",\"urlTemplate\":\"https:\/\/dev.sogoodlanguages.com\/cs\/?s={search_term_string}\"},\"query-input\":\"required name=search_term_string\"}],\"inLanguage\":\"cs\"},{\"@type\":\"Person\",\"@id\":\"https:\/\/dev.sogoodlanguages.com\/cs\/#\/schema\/person\/42530a5ef258f4bc8935fba1f8fdb29c\",\"name\":\"Ond\u0159ej Vol\u0161\u00edk\",\"image\":{\"@type\":\"ImageObject\",\"inLanguage\":\"cs\",\"@id\":\"https:\/\/dev.sogoodlanguages.com\/cs\/#\/schema\/person\/image\/\",\"url\":\"https:\/\/dev.sogoodlanguages.com\/wp-content\/uploads\/2015\/05\/ondrej-volsik-150x150.png\",\"contentUrl\":\"https:\/\/dev.sogoodlanguages.com\/wp-content\/uploads\/2015\/05\/ondrej-volsik-150x150.png\",\"caption\":\"Ond\u0159ej Vol\u0161\u00edk\"},\"description\":\"[wpml_language language=\\\"en\\\"] Tutor and language consultant. Have been studying languages since childhood and speaks fluently English and French. Due to his special knowledge he manages to solve any language obstruction. As langauges are his hobby, he knows lots of interesting facts that are often neglected when learning in formal way and shares them with his students to bring them closer to the language. [\/wpml_language] [wpml_language language=\\\"cs\\\"] Lektor a jazykov\u00fd poradce. Jazyky studuje u\u017e od rann\u00e9ho v\u011bku a mluv\u00ed plynule anglicky a francouzsky. D\u00edky sv\u00fdm odborn\u00fdm znalostem dok\u00e1\u017ee poradit s jakoukoli jazykovou p\u0159ek\u00e1\u017ekou. Jeliko\u017e se jazyky staly jeho hobby, v\u00ed o nich zaj\u00edmav\u00e9 v\u011bci, kter\u00e9 jsou ve form\u00e1ln\u00edm vzd\u011bl\u00e1v\u00e1n\u00ed opom\u00edjeny a sna\u017e\u00ed se je p\u0159ed\u00e1vat sv\u00fdm student\u016fm, aby jim jazyk co nejv\u00edce p\u0159ibl\u00ed\u017eil. [\/wpml_language] [wpml_language language=\\\"es\\\"] Tutor y asesor de idiomas. Ha estado estudiando idiomas desde la infancia y habla con fluidez Ingl\u00e9s y franc\u00e9s. Debido a su conocimiento especial se las arregla para resolver cualquier barrera idiom\u00e1tica. Como las lenguas son su pasatiempo, sabe un mont\u00f3n de datos interesantes que se suelen olvidar cuando se aprende de manera formal y los comparte con sus alumnos para acercarlos a la lengua. [\/wpml_language]\",\"url\":\"https:\/\/dev.sogoodlanguages.com\/cs\/author\/ondravols\/\"}]}<\/script>\n<!-- \/ Yoast SEO plugin. -->","yoast_head_json":{"title":"Jak se slav\u00ed V\u00e1noce ve Francii - SoGood Languages","description":"Jak se slav\u00ed V\u00e1noce po Evrop\u011b? Poj\u010fme se nejd\u0159\u00edve pod\u00edvat do Francie. \u010ct\u011bte v angli\u010dtin\u011b a u\u010dte se jednodu\u0161e na SoGood Languages.","robots":{"index":"index","follow":"follow","max-snippet":"max-snippet:-1","max-image-preview":"max-image-preview:large","max-video-preview":"max-video-preview:-1"},"canonical":"https:\/\/dev.sogoodlanguages.com\/cs\/jak-se-slavi-vanoce-ve-francii\/","og_locale":"cs_CZ","og_type":"article","og_title":"Jak se slav\u00ed V\u00e1noce ve Francii - SoGood Languages","og_description":"Jak se slav\u00ed V\u00e1noce po Evrop\u011b? Poj\u010fme se nejd\u0159\u00edve pod\u00edvat do Francie. \u010ct\u011bte v angli\u010dtin\u011b a u\u010dte se jednodu\u0161e na SoGood Languages.","og_url":"https:\/\/dev.sogoodlanguages.com\/cs\/jak-se-slavi-vanoce-ve-francii\/","og_site_name":"SoGood Languages","article_publisher":"https:\/\/www.facebook.com\/SoGood-Languages-1434502526865341","article_published_time":"2020-09-15T07:54:13+00:00","article_modified_time":"2020-09-15T07:55:05+00:00","og_image":[{"width":1920,"height":1440,"url":"https:\/\/dev.sogoodlanguages.com\/wp-content\/uploads\/2015\/12\/2990403142_82bb9979e3_o-1.jpg","type":"image\/jpeg"}],"author":"Ond\u0159ej Vol\u0161\u00edk","twitter_card":"summary_large_image","twitter_misc":{"Napsal(a)":"Ond\u0159ej Vol\u0161\u00edk","Odhadovan\u00e1 doba \u010dten\u00ed":"11 minut"},"schema":{"@context":"https:\/\/schema.org","@graph":[{"@type":"WebPage","@id":"https:\/\/dev.sogoodlanguages.com\/cs\/jak-se-slavi-vanoce-ve-francii\/","url":"https:\/\/dev.sogoodlanguages.com\/cs\/jak-se-slavi-vanoce-ve-francii\/","name":"Jak se slav\u00ed V\u00e1noce ve Francii - SoGood Languages","isPartOf":{"@id":"https:\/\/dev.sogoodlanguages.com\/cs\/#website"},"datePublished":"2020-09-15T07:54:13+00:00","dateModified":"2020-09-15T07:55:05+00:00","author":{"@id":"https:\/\/dev.sogoodlanguages.com\/cs\/#\/schema\/person\/42530a5ef258f4bc8935fba1f8fdb29c"},"description":"Jak se slav\u00ed V\u00e1noce po Evrop\u011b? Poj\u010fme se nejd\u0159\u00edve pod\u00edvat do Francie. \u010ct\u011bte v angli\u010dtin\u011b a u\u010dte se jednodu\u0161e na SoGood Languages.","breadcrumb":{"@id":"https:\/\/dev.sogoodlanguages.com\/cs\/jak-se-slavi-vanoce-ve-francii\/#breadcrumb"},"inLanguage":"cs","potentialAction":[{"@type":"ReadAction","target":["https:\/\/dev.sogoodlanguages.com\/cs\/jak-se-slavi-vanoce-ve-francii\/"]}]},{"@type":"BreadcrumbList","@id":"https:\/\/dev.sogoodlanguages.com\/cs\/jak-se-slavi-vanoce-ve-francii\/#breadcrumb","itemListElement":[{"@type":"ListItem","position":1,"name":"Dom\u016f","item":"https:\/\/dev.sogoodlanguages.com\/cs\/"},{"@type":"ListItem","position":2,"name":"Jak se slav\u00ed V\u00e1noce ve Francii"}]},{"@type":"WebSite","@id":"https:\/\/dev.sogoodlanguages.com\/cs\/#website","url":"https:\/\/dev.sogoodlanguages.com\/cs\/","name":"SoGood Languages","description":"SoGood Languages","potentialAction":[{"@type":"SearchAction","target":{"@type":"EntryPoint","urlTemplate":"https:\/\/dev.sogoodlanguages.com\/cs\/?s={search_term_string}"},"query-input":"required name=search_term_string"}],"inLanguage":"cs"},{"@type":"Person","@id":"https:\/\/dev.sogoodlanguages.com\/cs\/#\/schema\/person\/42530a5ef258f4bc8935fba1f8fdb29c","name":"Ond\u0159ej Vol\u0161\u00edk","image":{"@type":"ImageObject","inLanguage":"cs","@id":"https:\/\/dev.sogoodlanguages.com\/cs\/#\/schema\/person\/image\/","url":"https:\/\/dev.sogoodlanguages.com\/wp-content\/uploads\/2015\/05\/ondrej-volsik-150x150.png","contentUrl":"https:\/\/dev.sogoodlanguages.com\/wp-content\/uploads\/2015\/05\/ondrej-volsik-150x150.png","caption":"Ond\u0159ej Vol\u0161\u00edk"},"description":"[wpml_language language=\"en\"] Tutor and language consultant. Have been studying languages since childhood and speaks fluently English and French. Due to his special knowledge he manages to solve any language obstruction. As langauges are his hobby, he knows lots of interesting facts that are often neglected when learning in formal way and shares them with his students to bring them closer to the language. [\/wpml_language] [wpml_language language=\"cs\"] Lektor a jazykov\u00fd poradce. Jazyky studuje u\u017e od rann\u00e9ho v\u011bku a mluv\u00ed plynule anglicky a francouzsky. D\u00edky sv\u00fdm odborn\u00fdm znalostem dok\u00e1\u017ee poradit s jakoukoli jazykovou p\u0159ek\u00e1\u017ekou. Jeliko\u017e se jazyky staly jeho hobby, v\u00ed o nich zaj\u00edmav\u00e9 v\u011bci, kter\u00e9 jsou ve form\u00e1ln\u00edm vzd\u011bl\u00e1v\u00e1n\u00ed opom\u00edjeny a sna\u017e\u00ed se je p\u0159ed\u00e1vat sv\u00fdm student\u016fm, aby jim jazyk co nejv\u00edce p\u0159ibl\u00ed\u017eil. [\/wpml_language] [wpml_language language=\"es\"] Tutor y asesor de idiomas. Ha estado estudiando idiomas desde la infancia y habla con fluidez Ingl\u00e9s y franc\u00e9s. Debido a su conocimiento especial se las arregla para resolver cualquier barrera idiom\u00e1tica. Como las lenguas son su pasatiempo, sabe un mont\u00f3n de datos interesantes que se suelen olvidar cuando se aprende de manera formal y los comparte con sus alumnos para acercarlos a la lengua. [\/wpml_language]","url":"https:\/\/dev.sogoodlanguages.com\/cs\/author\/ondravols\/"}]}},"_links":{"self":[{"href":"https:\/\/dev.sogoodlanguages.com\/cs\/wp-json\/wp\/v2\/posts\/59045"}],"collection":[{"href":"https:\/\/dev.sogoodlanguages.com\/cs\/wp-json\/wp\/v2\/posts"}],"about":[{"href":"https:\/\/dev.sogoodlanguages.com\/cs\/wp-json\/wp\/v2\/types\/post"}],"author":[{"embeddable":true,"href":"https:\/\/dev.sogoodlanguages.com\/cs\/wp-json\/wp\/v2\/users\/2"}],"replies":[{"embeddable":true,"href":"https:\/\/dev.sogoodlanguages.com\/cs\/wp-json\/wp\/v2\/comments?post=59045"}],"version-history":[{"count":2,"href":"https:\/\/dev.sogoodlanguages.com\/cs\/wp-json\/wp\/v2\/posts\/59045\/revisions"}],"predecessor-version":[{"id":59063,"href":"https:\/\/dev.sogoodlanguages.com\/cs\/wp-json\/wp\/v2\/posts\/59045\/revisions\/59063"}],"wp:featuredmedia":[{"embeddable":true,"href":"https:\/\/dev.sogoodlanguages.com\/cs\/wp-json\/wp\/v2\/media\/22077"}],"wp:attachment":[{"href":"https:\/\/dev.sogoodlanguages.com\/cs\/wp-json\/wp\/v2\/media?parent=59045"}],"wp:term":[{"taxonomy":"category","embeddable":true,"href":"https:\/\/dev.sogoodlanguages.com\/cs\/wp-json\/wp\/v2\/categories?post=59045"},{"taxonomy":"post_tag","embeddable":true,"href":"https:\/\/dev.sogoodlanguages.com\/cs\/wp-json\/wp\/v2\/tags?post=59045"}],"curies":[{"name":"wp","href":"https:\/\/api.w.org\/{rel}","templated":true}]}}